{"id":783,"date":"2024-06-05T15:37:44","date_gmt":"2024-06-05T13:37:44","guid":{"rendered":"https:\/\/bunavestiregiulesti.ro\/?p=783"},"modified":"2024-06-05T15:40:30","modified_gmt":"2024-06-05T13:40:30","slug":"ziua-copilului-sarbatorita-la-biserica-buna-vestire-giulesti","status":"publish","type":"post","link":"https:\/\/bunavestiregiulesti.ro\/?p=783","title":{"rendered":"Ziua copilului s\u0103rb\u0103torit\u0103 la Biserica Buna Vestire -Giule\u0219ti"},"content":{"rendered":"\n<p>\u00cen fiecare an, \u00een prima zi de var\u0103, pe 1 iunie s\u0103rb\u0103torim ziua care ne aminte\u0219te de una dintre cele mai frumoase perioade din via\u021ba unui om, copil\u0103ria. Cu aceast\u0103 ocazie i-am s\u0103rb\u0103torit pe copii no\u0219tri din parohie, le-am preg\u0103tit jocuri, surprize, dulciuri, iar ei au venit cu voia bun\u0103, cu z\u00e2mbetul \u0219i inocen\u021ba lor. Ne-am bucurat cu to\u021bi, copii, p\u0103rin\u021bi \u0219i bunici, de aceasta zi minunat\u0103.<\/p>\n\n\n<div class=\"wp-block-image\">\n<figure class=\"aligncenter size-large\"><img loading=\"lazy\" decoding=\"async\" width=\"1024\" height=\"768\" src=\"https:\/\/bunavestiregiulesti.ro\/wp-content\/uploads\/2024\/06\/1-1024x768.jpg\" alt=\"\" class=\"wp-image-784\" srcset=\"https:\/\/bunavestiregiulesti.ro\/wp-content\/uploads\/2024\/06\/1-1024x768.jpg 1024w, https:\/\/bunavestiregiulesti.ro\/wp-content\/uploads\/2024\/06\/1-300x225.jpg 300w, https:\/\/bunavestiregiulesti.ro\/wp-content\/uploads\/2024\/06\/1-768x576.jpg 768w, https:\/\/bunavestiregiulesti.ro\/wp-content\/uploads\/2024\/06\/1-1536x1152.jpg 1536w, https:\/\/bunavestiregiulesti.ro\/wp-content\/uploads\/2024\/06\/1.jpg 1600w\" sizes=\"auto, (max-width: 1024px) 100vw, 1024px\" \/><\/figure>\n<\/div>\n\n\n<p><a href=\"https:\/\/bunavestiregiulesti.ro\/index.php\/nggallery\/album\/02-06-2024-ziua-copilului?page_id=193\" target=\"_blank\" rel=\"noreferrer noopener\">C\u0103tre Galeria Foto\u2026<\/a><\/p>\n","protected":false},"excerpt":{"rendered":"<p>\u00cen fiecare an, \u00een prima zi de var\u0103, pe 1 iunie s\u0103rb\u0103torim ziua care ne aminte\u0219te de una dintre cele mai frumoase perioade din via\u021ba unui om, copil\u0103ria. Cu aceast\u0103 ocazie i-am s\u0103rb\u0103torit pe copii no\u0219tri din parohie, le-am preg\u0103tit jocuri, surprize, dulciuri, iar ei au venit cu voia bun\u0103, cu z\u00e2mbetul \u0219i inocen\u021ba lor. &#8230; <span class=\"more\"><a class=\"more-link\" href=\"https:\/\/bunavestiregiulesti.ro\/?p=783\">[Cite\u015fte mai mult&#8230;]<\/a><\/span><\/p>\n","protected":false},"author":1,"featured_media":0,"comment_status":"closed","ping_status":"closed","sticky":false,"template":"","format":"standard","meta":{"ngg_post_thumbnail":0,"footnotes":""},"categories":[1],"tags":[],"class_list":{"0":"entry","1":"post","2":"publish","3":"author-administrator","4":"post-783","6":"format-standard","7":"category-articole"},"yoast_head":"<!-- This site is optimized with the Yoast SEO plugin v24.8.1 - https:\/\/yoast.com\/wordpress\/plugins\/seo\/ -->\n<title>Ziua copilului s\u0103rb\u0103torit\u0103 la Biserica Buna Vestire -Giule\u0219ti - Parohia &quot;Buna Vestire&quot; Giule\u015fti<\/title>\n<meta name=\"robots\" content=\"index, follow, max-snippet:-1, max-image-preview:large, max-video-preview:-1\" \/>\n<link rel=\"canonical\" href=\"https:\/\/bunavestiregiulesti.ro\/?p=783\" \/>\n<meta property=\"og:locale\" content=\"ro_RO\" \/>\n<meta property=\"og:type\" content=\"article\" \/>\n<meta property=\"og:title\" content=\"Ziua copilului s\u0103rb\u0103torit\u0103 la Biserica Buna Vestire -Giule\u0219ti - Parohia &quot;Buna Vestire&quot; Giule\u015fti\" \/>\n<meta property=\"og:description\" content=\"\u00cen fiecare an, \u00een prima zi de var\u0103, pe 1 iunie s\u0103rb\u0103torim ziua care ne aminte\u0219te de una dintre cele mai frumoase perioade din via\u021ba unui om, copil\u0103ria. Cu aceast\u0103 ocazie i-am s\u0103rb\u0103torit pe copii no\u0219tri din parohie, le-am preg\u0103tit jocuri, surprize, dulciuri, iar ei au venit cu voia bun\u0103, cu z\u00e2mbetul \u0219i inocen\u021ba lor. ... [Cite\u015fte mai mult...]\" \/>\n<meta property=\"og:url\" content=\"https:\/\/bunavestiregiulesti.ro\/?p=783\" \/>\n<meta property=\"og:site_name\" content=\"Parohia &quot;Buna Vestire&quot; Giule\u015fti\" \/>\n<meta property=\"article:publisher\" content=\"https:\/\/bunavestiregiulesti.ro\/\" \/>\n<meta property=\"article:published_time\" content=\"2024-06-05T13:37:44+00:00\" \/>\n<meta property=\"article:modified_time\" content=\"2024-06-05T13:40:30+00:00\" \/>\n<meta property=\"og:image\" content=\"https:\/\/bunavestiregiulesti.ro\/wp-content\/uploads\/2024\/06\/1-1024x768.jpg\" \/>\n<meta name=\"author\" content=\"administrator\" \/>\n<meta name=\"twitter:card\" content=\"summary_large_image\" \/>\n<meta name=\"twitter:label1\" content=\"Scris de\" \/>\n\t<meta name=\"twitter:data1\" content=\"\" \/>\n\t<meta name=\"twitter:label2\" content=\"Timp estimat pentru citire\" \/>\n\t<meta name=\"twitter:data2\" content=\"1 minut\" \/>\n<script type=\"application\/ld+json\" class=\"yoast-schema-graph\">{\"@context\":\"https:\/\/schema.org\",\"@graph\":[{\"@type\":\"Article\",\"@id\":\"https:\/\/bunavestiregiulesti.ro\/?p=783#article\",\"isPartOf\":{\"@id\":\"https:\/\/bunavestiregiulesti.ro\/?p=783\"},\"author\":{\"name\":\"administrator\",\"@id\":\"https:\/\/bunavestiregiulesti.ro\/#\/schema\/person\/f0d2dbfa6ceff8eb15f2b2f0fb85db7c\"},\"headline\":\"Ziua copilului s\u0103rb\u0103torit\u0103 la Biserica Buna Vestire -Giule\u0219ti\",\"datePublished\":\"2024-06-05T13:37:44+00:00\",\"dateModified\":\"2024-06-05T13:40:30+00:00\",\"mainEntityOfPage\":{\"@id\":\"https:\/\/bunavestiregiulesti.ro\/?p=783\"},\"wordCount\":95,\"publisher\":{\"@id\":\"https:\/\/bunavestiregiulesti.ro\/#organization\"},\"image\":{\"@id\":\"https:\/\/bunavestiregiulesti.ro\/?p=783#primaryimage\"},\"thumbnailUrl\":\"https:\/\/bunavestiregiulesti.ro\/wp-content\/uploads\/2024\/06\/1-1024x768.jpg\",\"articleSection\":[\"Articole recente\"],\"inLanguage\":\"ro-RO\"},{\"@type\":\"WebPage\",\"@id\":\"https:\/\/bunavestiregiulesti.ro\/?p=783\",\"url\":\"https:\/\/bunavestiregiulesti.ro\/?p=783\",\"name\":\"Ziua copilului s\u0103rb\u0103torit\u0103 la Biserica Buna Vestire -Giule\u0219ti - Parohia &quot;Buna Vestire&quot; Giule\u015fti\",\"isPartOf\":{\"@id\":\"https:\/\/bunavestiregiulesti.ro\/#website\"},\"primaryImageOfPage\":{\"@id\":\"https:\/\/bunavestiregiulesti.ro\/?p=783#primaryimage\"},\"image\":{\"@id\":\"https:\/\/bunavestiregiulesti.ro\/?p=783#primaryimage\"},\"thumbnailUrl\":\"https:\/\/bunavestiregiulesti.ro\/wp-content\/uploads\/2024\/06\/1-1024x768.jpg\",\"datePublished\":\"2024-06-05T13:37:44+00:00\",\"dateModified\":\"2024-06-05T13:40:30+00:00\",\"breadcrumb\":{\"@id\":\"https:\/\/bunavestiregiulesti.ro\/?p=783#breadcrumb\"},\"inLanguage\":\"ro-RO\",\"potentialAction\":[{\"@type\":\"ReadAction\",\"target\":[\"https:\/\/bunavestiregiulesti.ro\/?p=783\"]}]},{\"@type\":\"ImageObject\",\"inLanguage\":\"ro-RO\",\"@id\":\"https:\/\/bunavestiregiulesti.ro\/?p=783#primaryimage\",\"url\":\"https:\/\/bunavestiregiulesti.ro\/wp-content\/uploads\/2024\/06\/1.jpg\",\"contentUrl\":\"https:\/\/bunavestiregiulesti.ro\/wp-content\/uploads\/2024\/06\/1.jpg\",\"width\":1600,\"height\":1200},{\"@type\":\"BreadcrumbList\",\"@id\":\"https:\/\/bunavestiregiulesti.ro\/?p=783#breadcrumb\",\"itemListElement\":[{\"@type\":\"ListItem\",\"position\":1,\"name\":\"Prima pagin\u0103\",\"item\":\"https:\/\/bunavestiregiulesti.ro\/\"},{\"@type\":\"ListItem\",\"position\":2,\"name\":\"Ziua copilului s\u0103rb\u0103torit\u0103 la Biserica Buna Vestire -Giule\u0219ti\"}]},{\"@type\":\"WebSite\",\"@id\":\"https:\/\/bunavestiregiulesti.ro\/#website\",\"url\":\"https:\/\/bunavestiregiulesti.ro\/\",\"name\":\"Parohia &quot;Buna Vestire&quot; Giule\u015fti\",\"description\":\"\",\"publisher\":{\"@id\":\"https:\/\/bunavestiregiulesti.ro\/#organization\"},\"inLanguage\":\"ro-RO\"},{\"@type\":\"Organization\",\"@id\":\"https:\/\/bunavestiregiulesti.ro\/#organization\",\"name\":\"Parohia &quot;Buna Vestire&quot; Giule\u015fti\",\"url\":\"https:\/\/bunavestiregiulesti.ro\/\",\"logo\":{\"@type\":\"ImageObject\",\"inLanguage\":\"ro-RO\",\"@id\":\"https:\/\/bunavestiregiulesti.ro\/#\/schema\/logo\/image\/\",\"url\":\"https:\/\/bunavestiregiulesti.ro\/wp-content\/uploads\/2023\/10\/logo2-e1697819113456.png\",\"contentUrl\":\"https:\/\/bunavestiregiulesti.ro\/wp-content\/uploads\/2023\/10\/logo2-e1697819113456.png\",\"width\":750,\"height\":167,\"caption\":\"Parohia &quot;Buna Vestire&quot; Giule\u015fti\"},\"image\":{\"@id\":\"https:\/\/bunavestiregiulesti.ro\/#\/schema\/logo\/image\/\"},\"sameAs\":[\"https:\/\/bunavestiregiulesti.ro\/\"]},{\"@type\":\"Person\",\"@id\":\"https:\/\/bunavestiregiulesti.ro\/#\/schema\/person\/f0d2dbfa6ceff8eb15f2b2f0fb85db7c\",\"name\":\"administrator\",\"image\":{\"@type\":\"ImageObject\",\"inLanguage\":\"ro-RO\",\"@id\":\"https:\/\/bunavestiregiulesti.ro\/#\/schema\/person\/image\/\",\"url\":\"https:\/\/secure.gravatar.com\/avatar\/8550e7a96a3a6d12559e7d980d87c1229fb84927d4d0085a1044d2b5ad07ebdd?s=96&d=mm&r=g\",\"contentUrl\":\"https:\/\/secure.gravatar.com\/avatar\/8550e7a96a3a6d12559e7d980d87c1229fb84927d4d0085a1044d2b5ad07ebdd?s=96&d=mm&r=g\",\"caption\":\"administrator\"},\"sameAs\":[\"http:\/\/bunavestiregiulesti.ro\"],\"url\":\"https:\/\/bunavestiregiulesti.ro\/?author=1\"}]}<\/script>\n<!-- \/ Yoast SEO plugin. -->","yoast_head_json":{"title":"Ziua copilului s\u0103rb\u0103torit\u0103 la Biserica Buna Vestire -Giule\u0219ti - Parohia &quot;Buna Vestire&quot; Giule\u015fti","robots":{"index":"index","follow":"follow","max-snippet":"max-snippet:-1","max-image-preview":"max-image-preview:large","max-video-preview":"max-video-preview:-1"},"canonical":"https:\/\/bunavestiregiulesti.ro\/?p=783","og_locale":"ro_RO","og_type":"article","og_title":"Ziua copilului s\u0103rb\u0103torit\u0103 la Biserica Buna Vestire -Giule\u0219ti - Parohia &quot;Buna Vestire&quot; Giule\u015fti","og_description":"\u00cen fiecare an, \u00een prima zi de var\u0103, pe 1 iunie s\u0103rb\u0103torim ziua care ne aminte\u0219te de una dintre cele mai frumoase perioade din via\u021ba unui om, copil\u0103ria. Cu aceast\u0103 ocazie i-am s\u0103rb\u0103torit pe copii no\u0219tri din parohie, le-am preg\u0103tit jocuri, surprize, dulciuri, iar ei au venit cu voia bun\u0103, cu z\u00e2mbetul \u0219i inocen\u021ba lor. ... [Cite\u015fte mai mult...]","og_url":"https:\/\/bunavestiregiulesti.ro\/?p=783","og_site_name":"Parohia &quot;Buna Vestire&quot; Giule\u015fti","article_publisher":"https:\/\/bunavestiregiulesti.ro\/","article_published_time":"2024-06-05T13:37:44+00:00","article_modified_time":"2024-06-05T13:40:30+00:00","og_image":[{"url":"https:\/\/bunavestiregiulesti.ro\/wp-content\/uploads\/2024\/06\/1-1024x768.jpg","type":"","width":"","height":""}],"author":"administrator","twitter_card":"summary_large_image","twitter_misc":{"Scris de":false,"Timp estimat pentru citire":"1 minut"},"schema":{"@context":"https:\/\/schema.org","@graph":[{"@type":"Article","@id":"https:\/\/bunavestiregiulesti.ro\/?p=783#article","isPartOf":{"@id":"https:\/\/bunavestiregiulesti.ro\/?p=783"},"author":{"name":"administrator","@id":"https:\/\/bunavestiregiulesti.ro\/#\/schema\/person\/f0d2dbfa6ceff8eb15f2b2f0fb85db7c"},"headline":"Ziua copilului s\u0103rb\u0103torit\u0103 la Biserica Buna Vestire -Giule\u0219ti","datePublished":"2024-06-05T13:37:44+00:00","dateModified":"2024-06-05T13:40:30+00:00","mainEntityOfPage":{"@id":"https:\/\/bunavestiregiulesti.ro\/?p=783"},"wordCount":95,"publisher":{"@id":"https:\/\/bunavestiregiulesti.ro\/#organization"},"image":{"@id":"https:\/\/bunavestiregiulesti.ro\/?p=783#primaryimage"},"thumbnailUrl":"https:\/\/bunavestiregiulesti.ro\/wp-content\/uploads\/2024\/06\/1-1024x768.jpg","articleSection":["Articole recente"],"inLanguage":"ro-RO"},{"@type":"WebPage","@id":"https:\/\/bunavestiregiulesti.ro\/?p=783","url":"https:\/\/bunavestiregiulesti.ro\/?p=783","name":"Ziua copilului s\u0103rb\u0103torit\u0103 la Biserica Buna Vestire -Giule\u0219ti - Parohia &quot;Buna Vestire&quot; Giule\u015fti","isPartOf":{"@id":"https:\/\/bunavestiregiulesti.ro\/#website"},"primaryImageOfPage":{"@id":"https:\/\/bunavestiregiulesti.ro\/?p=783#primaryimage"},"image":{"@id":"https:\/\/bunavestiregiulesti.ro\/?p=783#primaryimage"},"thumbnailUrl":"https:\/\/bunavestiregiulesti.ro\/wp-content\/uploads\/2024\/06\/1-1024x768.jpg","datePublished":"2024-06-05T13:37:44+00:00","dateModified":"2024-06-05T13:40:30+00:00","breadcrumb":{"@id":"https:\/\/bunavestiregiulesti.ro\/?p=783#breadcrumb"},"inLanguage":"ro-RO","potentialAction":[{"@type":"ReadAction","target":["https:\/\/bunavestiregiulesti.ro\/?p=783"]}]},{"@type":"ImageObject","inLanguage":"ro-RO","@id":"https:\/\/bunavestiregiulesti.ro\/?p=783#primaryimage","url":"https:\/\/bunavestiregiulesti.ro\/wp-content\/uploads\/2024\/06\/1.jpg","contentUrl":"https:\/\/bunavestiregiulesti.ro\/wp-content\/uploads\/2024\/06\/1.jpg","width":1600,"height":1200},{"@type":"BreadcrumbList","@id":"https:\/\/bunavestiregiulesti.ro\/?p=783#breadcrumb","itemListElement":[{"@type":"ListItem","position":1,"name":"Prima pagin\u0103","item":"https:\/\/bunavestiregiulesti.ro\/"},{"@type":"ListItem","position":2,"name":"Ziua copilului s\u0103rb\u0103torit\u0103 la Biserica Buna Vestire -Giule\u0219ti"}]},{"@type":"WebSite","@id":"https:\/\/bunavestiregiulesti.ro\/#website","url":"https:\/\/bunavestiregiulesti.ro\/","name":"Parohia &quot;Buna Vestire&quot; Giule\u015fti","description":"","publisher":{"@id":"https:\/\/bunavestiregiulesti.ro\/#organization"},"inLanguage":"ro-RO"},{"@type":"Organization","@id":"https:\/\/bunavestiregiulesti.ro\/#organization","name":"Parohia &quot;Buna Vestire&quot; Giule\u015fti","url":"https:\/\/bunavestiregiulesti.ro\/","logo":{"@type":"ImageObject","inLanguage":"ro-RO","@id":"https:\/\/bunavestiregiulesti.ro\/#\/schema\/logo\/image\/","url":"https:\/\/bunavestiregiulesti.ro\/wp-content\/uploads\/2023\/10\/logo2-e1697819113456.png","contentUrl":"https:\/\/bunavestiregiulesti.ro\/wp-content\/uploads\/2023\/10\/logo2-e1697819113456.png","width":750,"height":167,"caption":"Parohia &quot;Buna Vestire&quot; Giule\u015fti"},"image":{"@id":"https:\/\/bunavestiregiulesti.ro\/#\/schema\/logo\/image\/"},"sameAs":["https:\/\/bunavestiregiulesti.ro\/"]},{"@type":"Person","@id":"https:\/\/bunavestiregiulesti.ro\/#\/schema\/person\/f0d2dbfa6ceff8eb15f2b2f0fb85db7c","name":"administrator","image":{"@type":"ImageObject","inLanguage":"ro-RO","@id":"https:\/\/bunavestiregiulesti.ro\/#\/schema\/person\/image\/","url":"https:\/\/secure.gravatar.com\/avatar\/8550e7a96a3a6d12559e7d980d87c1229fb84927d4d0085a1044d2b5ad07ebdd?s=96&d=mm&r=g","contentUrl":"https:\/\/secure.gravatar.com\/avatar\/8550e7a96a3a6d12559e7d980d87c1229fb84927d4d0085a1044d2b5ad07ebdd?s=96&d=mm&r=g","caption":"administrator"},"sameAs":["http:\/\/bunavestiregiulesti.ro"],"url":"https:\/\/bunavestiregiulesti.ro\/?author=1"}]}},"_links":{"self":[{"href":"https:\/\/bunavestiregiulesti.ro\/index.php?rest_route=\/wp\/v2\/posts\/783","targetHints":{"allow":["GET"]}}],"collection":[{"href":"https:\/\/bunavestiregiulesti.ro\/index.php?rest_route=\/wp\/v2\/posts"}],"about":[{"href":"https:\/\/bunavestiregiulesti.ro\/index.php?rest_route=\/wp\/v2\/types\/post"}],"author":[{"embeddable":true,"href":"https:\/\/bunavestiregiulesti.ro\/index.php?rest_route=\/wp\/v2\/users\/1"}],"replies":[{"embeddable":true,"href":"https:\/\/bunavestiregiulesti.ro\/index.php?rest_route=%2Fwp%2Fv2%2Fcomments&post=783"}],"version-history":[{"count":2,"href":"https:\/\/bunavestiregiulesti.ro\/index.php?rest_route=\/wp\/v2\/posts\/783\/revisions"}],"predecessor-version":[{"id":798,"href":"https:\/\/bunavestiregiulesti.ro\/index.php?rest_route=\/wp\/v2\/posts\/783\/revisions\/798"}],"wp:attachment":[{"href":"https:\/\/bunavestiregiulesti.ro\/index.php?rest_route=%2Fwp%2Fv2%2Fmedia&parent=783"}],"wp:term":[{"taxonomy":"category","embeddable":true,"href":"https:\/\/bunavestiregiulesti.ro\/index.php?rest_route=%2Fwp%2Fv2%2Fcategories&post=783"},{"taxonomy":"post_tag","embeddable":true,"href":"https:\/\/bunavestiregiulesti.ro\/index.php?rest_route=%2Fwp%2Fv2%2Ftags&post=783"}],"curies":[{"name":"wp","href":"https:\/\/api.w.org\/{rel}","templated":true}]}}