{"id":543,"date":"2024-01-01T10:26:30","date_gmt":"2024-01-01T08:26:30","guid":{"rendered":"https:\/\/bunavestiregiulesti.ro\/?p=543"},"modified":"2024-01-01T10:26:31","modified_gmt":"2024-01-01T08:26:31","slug":"31-12-2023-la-multi-ani","status":"publish","type":"post","link":"https:\/\/bunavestiregiulesti.ro\/?p=543","title":{"rendered":"31.12.2023 La mul\u021bi ani!"},"content":{"rendered":"\n<p>Cu prilejul s\u0103rb\u0103torilor Anului Nou 2024, noi, preo\u021bii parohiei Buna Vestire Giule\u0219ti, v\u0103 adres\u0103m tuturor p\u0103rinte\u015fti binecuv\u00e2nt\u0103ri, doriri de s\u0103n\u0103tate \u015fi m\u00e2ntuire, pace \u015fi bucurie, fericire \u015fi mult ajutor de la Dumnezeu \u00een toat\u0103 fapta cea bun\u0103 dimpreun\u0103 cu salutarea tradi\u0163ional\u0103: La mul\u0163i ani!<\/p>\n\n\n<div class=\"wp-block-image\">\n<figure class=\"aligncenter size-large\"><img loading=\"lazy\" decoding=\"async\" width=\"1024\" height=\"768\" src=\"https:\/\/bunavestiregiulesti.ro\/wp-content\/uploads\/2024\/01\/1-1024x768.jpeg\" alt=\"\" class=\"wp-image-544\" srcset=\"https:\/\/bunavestiregiulesti.ro\/wp-content\/uploads\/2024\/01\/1-1024x768.jpeg 1024w, https:\/\/bunavestiregiulesti.ro\/wp-content\/uploads\/2024\/01\/1-300x225.jpeg 300w, https:\/\/bunavestiregiulesti.ro\/wp-content\/uploads\/2024\/01\/1-768x576.jpeg 768w, https:\/\/bunavestiregiulesti.ro\/wp-content\/uploads\/2024\/01\/1-1536x1152.jpeg 1536w, https:\/\/bunavestiregiulesti.ro\/wp-content\/uploads\/2024\/01\/1.jpeg 1600w\" sizes=\"auto, (max-width: 1024px) 100vw, 1024px\" \/><\/figure>\n<\/div>","protected":false},"excerpt":{"rendered":"<p>Cu prilejul s\u0103rb\u0103torilor Anului Nou 2024, noi, preo\u021bii parohiei Buna Vestire Giule\u0219ti, v\u0103 adres\u0103m tuturor p\u0103rinte\u015fti binecuv\u00e2nt\u0103ri, doriri de s\u0103n\u0103tate \u015fi m\u00e2ntuire, pace \u015fi bucurie, fericire \u015fi mult ajutor de la Dumnezeu \u00een toat\u0103 fapta cea bun\u0103 dimpreun\u0103 cu salutarea tradi\u0163ional\u0103: La mul\u0163i ani!<\/p>\n","protected":false},"author":1,"featured_media":0,"comment_status":"closed","ping_status":"closed","sticky":false,"template":"","format":"standard","meta":{"ngg_post_thumbnail":0,"footnotes":""},"categories":[1],"tags":[],"class_list":{"0":"entry","1":"post","2":"publish","3":"author-administrator","4":"post-543","6":"format-standard","7":"category-articole"},"yoast_head":"<!-- This site is optimized with the Yoast SEO plugin v24.8.1 - https:\/\/yoast.com\/wordpress\/plugins\/seo\/ -->\n<title>31.12.2023 La mul\u021bi ani! - Parohia &quot;Buna Vestire&quot; Giule\u015fti<\/title>\n<meta name=\"robots\" content=\"index, follow, max-snippet:-1, max-image-preview:large, max-video-preview:-1\" \/>\n<link rel=\"canonical\" href=\"https:\/\/bunavestiregiulesti.ro\/?p=543\" \/>\n<meta property=\"og:locale\" content=\"ro_RO\" \/>\n<meta property=\"og:type\" content=\"article\" \/>\n<meta property=\"og:title\" content=\"31.12.2023 La mul\u021bi ani! - Parohia &quot;Buna Vestire&quot; Giule\u015fti\" \/>\n<meta property=\"og:description\" content=\"Cu prilejul s\u0103rb\u0103torilor Anului Nou 2024, noi, preo\u021bii parohiei Buna Vestire Giule\u0219ti, v\u0103 adres\u0103m tuturor p\u0103rinte\u015fti binecuv\u00e2nt\u0103ri, doriri de s\u0103n\u0103tate \u015fi m\u00e2ntuire, pace \u015fi bucurie, fericire \u015fi mult ajutor de la Dumnezeu \u00een toat\u0103 fapta cea bun\u0103 dimpreun\u0103 cu salutarea tradi\u0163ional\u0103: La mul\u0163i ani!\" \/>\n<meta property=\"og:url\" content=\"https:\/\/bunavestiregiulesti.ro\/?p=543\" \/>\n<meta property=\"og:site_name\" content=\"Parohia &quot;Buna Vestire&quot; Giule\u015fti\" \/>\n<meta property=\"article:publisher\" content=\"https:\/\/bunavestiregiulesti.ro\/\" \/>\n<meta property=\"article:published_time\" content=\"2024-01-01T08:26:30+00:00\" \/>\n<meta property=\"article:modified_time\" content=\"2024-01-01T08:26:31+00:00\" \/>\n<meta property=\"og:image\" content=\"https:\/\/bunavestiregiulesti.ro\/wp-content\/uploads\/2024\/01\/1-1024x768.jpeg\" \/>\n<meta name=\"author\" content=\"administrator\" \/>\n<meta name=\"twitter:card\" content=\"summary_large_image\" \/>\n<meta name=\"twitter:label1\" content=\"Scris de\" \/>\n\t<meta name=\"twitter:data1\" content=\"\" \/>\n\t<meta name=\"twitter:label2\" content=\"Timp estimat pentru citire\" \/>\n\t<meta name=\"twitter:data2\" content=\"1 minut\" \/>\n<script type=\"application\/ld+json\" class=\"yoast-schema-graph\">{\"@context\":\"https:\/\/schema.org\",\"@graph\":[{\"@type\":\"Article\",\"@id\":\"https:\/\/bunavestiregiulesti.ro\/?p=543#article\",\"isPartOf\":{\"@id\":\"https:\/\/bunavestiregiulesti.ro\/?p=543\"},\"author\":{\"name\":\"administrator\",\"@id\":\"https:\/\/bunavestiregiulesti.ro\/#\/schema\/person\/f0d2dbfa6ceff8eb15f2b2f0fb85db7c\"},\"headline\":\"31.12.2023 La mul\u021bi ani!\",\"datePublished\":\"2024-01-01T08:26:30+00:00\",\"dateModified\":\"2024-01-01T08:26:31+00:00\",\"mainEntityOfPage\":{\"@id\":\"https:\/\/bunavestiregiulesti.ro\/?p=543\"},\"wordCount\":61,\"publisher\":{\"@id\":\"https:\/\/bunavestiregiulesti.ro\/#organization\"},\"image\":{\"@id\":\"https:\/\/bunavestiregiulesti.ro\/?p=543#primaryimage\"},\"thumbnailUrl\":\"https:\/\/bunavestiregiulesti.ro\/wp-content\/uploads\/2024\/01\/1-1024x768.jpeg\",\"articleSection\":[\"Articole recente\"],\"inLanguage\":\"ro-RO\"},{\"@type\":\"WebPage\",\"@id\":\"https:\/\/bunavestiregiulesti.ro\/?p=543\",\"url\":\"https:\/\/bunavestiregiulesti.ro\/?p=543\",\"name\":\"31.12.2023 La mul\u021bi ani! - Parohia &quot;Buna Vestire&quot; Giule\u015fti\",\"isPartOf\":{\"@id\":\"https:\/\/bunavestiregiulesti.ro\/#website\"},\"primaryImageOfPage\":{\"@id\":\"https:\/\/bunavestiregiulesti.ro\/?p=543#primaryimage\"},\"image\":{\"@id\":\"https:\/\/bunavestiregiulesti.ro\/?p=543#primaryimage\"},\"thumbnailUrl\":\"https:\/\/bunavestiregiulesti.ro\/wp-content\/uploads\/2024\/01\/1-1024x768.jpeg\",\"datePublished\":\"2024-01-01T08:26:30+00:00\",\"dateModified\":\"2024-01-01T08:26:31+00:00\",\"breadcrumb\":{\"@id\":\"https:\/\/bunavestiregiulesti.ro\/?p=543#breadcrumb\"},\"inLanguage\":\"ro-RO\",\"potentialAction\":[{\"@type\":\"ReadAction\",\"target\":[\"https:\/\/bunavestiregiulesti.ro\/?p=543\"]}]},{\"@type\":\"ImageObject\",\"inLanguage\":\"ro-RO\",\"@id\":\"https:\/\/bunavestiregiulesti.ro\/?p=543#primaryimage\",\"url\":\"https:\/\/bunavestiregiulesti.ro\/wp-content\/uploads\/2024\/01\/1.jpeg\",\"contentUrl\":\"https:\/\/bunavestiregiulesti.ro\/wp-content\/uploads\/2024\/01\/1.jpeg\",\"width\":1600,\"height\":1200},{\"@type\":\"BreadcrumbList\",\"@id\":\"https:\/\/bunavestiregiulesti.ro\/?p=543#breadcrumb\",\"itemListElement\":[{\"@type\":\"ListItem\",\"position\":1,\"name\":\"Prima pagin\u0103\",\"item\":\"https:\/\/bunavestiregiulesti.ro\/\"},{\"@type\":\"ListItem\",\"position\":2,\"name\":\"31.12.2023 La mul\u021bi ani!\"}]},{\"@type\":\"WebSite\",\"@id\":\"https:\/\/bunavestiregiulesti.ro\/#website\",\"url\":\"https:\/\/bunavestiregiulesti.ro\/\",\"name\":\"Parohia &quot;Buna Vestire&quot; Giule\u015fti\",\"description\":\"\",\"publisher\":{\"@id\":\"https:\/\/bunavestiregiulesti.ro\/#organization\"},\"inLanguage\":\"ro-RO\"},{\"@type\":\"Organization\",\"@id\":\"https:\/\/bunavestiregiulesti.ro\/#organization\",\"name\":\"Parohia &quot;Buna Vestire&quot; Giule\u015fti\",\"url\":\"https:\/\/bunavestiregiulesti.ro\/\",\"logo\":{\"@type\":\"ImageObject\",\"inLanguage\":\"ro-RO\",\"@id\":\"https:\/\/bunavestiregiulesti.ro\/#\/schema\/logo\/image\/\",\"url\":\"https:\/\/bunavestiregiulesti.ro\/wp-content\/uploads\/2023\/10\/logo2-e1697819113456.png\",\"contentUrl\":\"https:\/\/bunavestiregiulesti.ro\/wp-content\/uploads\/2023\/10\/logo2-e1697819113456.png\",\"width\":750,\"height\":167,\"caption\":\"Parohia &quot;Buna Vestire&quot; Giule\u015fti\"},\"image\":{\"@id\":\"https:\/\/bunavestiregiulesti.ro\/#\/schema\/logo\/image\/\"},\"sameAs\":[\"https:\/\/bunavestiregiulesti.ro\/\"]},{\"@type\":\"Person\",\"@id\":\"https:\/\/bunavestiregiulesti.ro\/#\/schema\/person\/f0d2dbfa6ceff8eb15f2b2f0fb85db7c\",\"name\":\"administrator\",\"image\":{\"@type\":\"ImageObject\",\"inLanguage\":\"ro-RO\",\"@id\":\"https:\/\/bunavestiregiulesti.ro\/#\/schema\/person\/image\/\",\"url\":\"https:\/\/secure.gravatar.com\/avatar\/8550e7a96a3a6d12559e7d980d87c1229fb84927d4d0085a1044d2b5ad07ebdd?s=96&d=mm&r=g\",\"contentUrl\":\"https:\/\/secure.gravatar.com\/avatar\/8550e7a96a3a6d12559e7d980d87c1229fb84927d4d0085a1044d2b5ad07ebdd?s=96&d=mm&r=g\",\"caption\":\"administrator\"},\"sameAs\":[\"http:\/\/bunavestiregiulesti.ro\"],\"url\":\"https:\/\/bunavestiregiulesti.ro\/?author=1\"}]}<\/script>\n<!-- \/ Yoast SEO plugin. -->","yoast_head_json":{"title":"31.12.2023 La mul\u021bi ani! - Parohia &quot;Buna Vestire&quot; Giule\u015fti","robots":{"index":"index","follow":"follow","max-snippet":"max-snippet:-1","max-image-preview":"max-image-preview:large","max-video-preview":"max-video-preview:-1"},"canonical":"https:\/\/bunavestiregiulesti.ro\/?p=543","og_locale":"ro_RO","og_type":"article","og_title":"31.12.2023 La mul\u021bi ani! - Parohia &quot;Buna Vestire&quot; Giule\u015fti","og_description":"Cu prilejul s\u0103rb\u0103torilor Anului Nou 2024, noi, preo\u021bii parohiei Buna Vestire Giule\u0219ti, v\u0103 adres\u0103m tuturor p\u0103rinte\u015fti binecuv\u00e2nt\u0103ri, doriri de s\u0103n\u0103tate \u015fi m\u00e2ntuire, pace \u015fi bucurie, fericire \u015fi mult ajutor de la Dumnezeu \u00een toat\u0103 fapta cea bun\u0103 dimpreun\u0103 cu salutarea tradi\u0163ional\u0103: La mul\u0163i ani!","og_url":"https:\/\/bunavestiregiulesti.ro\/?p=543","og_site_name":"Parohia &quot;Buna Vestire&quot; Giule\u015fti","article_publisher":"https:\/\/bunavestiregiulesti.ro\/","article_published_time":"2024-01-01T08:26:30+00:00","article_modified_time":"2024-01-01T08:26:31+00:00","og_image":[{"url":"https:\/\/bunavestiregiulesti.ro\/wp-content\/uploads\/2024\/01\/1-1024x768.jpeg","type":"","width":"","height":""}],"author":"administrator","twitter_card":"summary_large_image","twitter_misc":{"Scris de":false,"Timp estimat pentru citire":"1 minut"},"schema":{"@context":"https:\/\/schema.org","@graph":[{"@type":"Article","@id":"https:\/\/bunavestiregiulesti.ro\/?p=543#article","isPartOf":{"@id":"https:\/\/bunavestiregiulesti.ro\/?p=543"},"author":{"name":"administrator","@id":"https:\/\/bunavestiregiulesti.ro\/#\/schema\/person\/f0d2dbfa6ceff8eb15f2b2f0fb85db7c"},"headline":"31.12.2023 La mul\u021bi ani!","datePublished":"2024-01-01T08:26:30+00:00","dateModified":"2024-01-01T08:26:31+00:00","mainEntityOfPage":{"@id":"https:\/\/bunavestiregiulesti.ro\/?p=543"},"wordCount":61,"publisher":{"@id":"https:\/\/bunavestiregiulesti.ro\/#organization"},"image":{"@id":"https:\/\/bunavestiregiulesti.ro\/?p=543#primaryimage"},"thumbnailUrl":"https:\/\/bunavestiregiulesti.ro\/wp-content\/uploads\/2024\/01\/1-1024x768.jpeg","articleSection":["Articole recente"],"inLanguage":"ro-RO"},{"@type":"WebPage","@id":"https:\/\/bunavestiregiulesti.ro\/?p=543","url":"https:\/\/bunavestiregiulesti.ro\/?p=543","name":"31.12.2023 La mul\u021bi ani! - Parohia &quot;Buna Vestire&quot; Giule\u015fti","isPartOf":{"@id":"https:\/\/bunavestiregiulesti.ro\/#website"},"primaryImageOfPage":{"@id":"https:\/\/bunavestiregiulesti.ro\/?p=543#primaryimage"},"image":{"@id":"https:\/\/bunavestiregiulesti.ro\/?p=543#primaryimage"},"thumbnailUrl":"https:\/\/bunavestiregiulesti.ro\/wp-content\/uploads\/2024\/01\/1-1024x768.jpeg","datePublished":"2024-01-01T08:26:30+00:00","dateModified":"2024-01-01T08:26:31+00:00","breadcrumb":{"@id":"https:\/\/bunavestiregiulesti.ro\/?p=543#breadcrumb"},"inLanguage":"ro-RO","potentialAction":[{"@type":"ReadAction","target":["https:\/\/bunavestiregiulesti.ro\/?p=543"]}]},{"@type":"ImageObject","inLanguage":"ro-RO","@id":"https:\/\/bunavestiregiulesti.ro\/?p=543#primaryimage","url":"https:\/\/bunavestiregiulesti.ro\/wp-content\/uploads\/2024\/01\/1.jpeg","contentUrl":"https:\/\/bunavestiregiulesti.ro\/wp-content\/uploads\/2024\/01\/1.jpeg","width":1600,"height":1200},{"@type":"BreadcrumbList","@id":"https:\/\/bunavestiregiulesti.ro\/?p=543#breadcrumb","itemListElement":[{"@type":"ListItem","position":1,"name":"Prima pagin\u0103","item":"https:\/\/bunavestiregiulesti.ro\/"},{"@type":"ListItem","position":2,"name":"31.12.2023 La mul\u021bi ani!"}]},{"@type":"WebSite","@id":"https:\/\/bunavestiregiulesti.ro\/#website","url":"https:\/\/bunavestiregiulesti.ro\/","name":"Parohia &quot;Buna Vestire&quot; Giule\u015fti","description":"","publisher":{"@id":"https:\/\/bunavestiregiulesti.ro\/#organization"},"inLanguage":"ro-RO"},{"@type":"Organization","@id":"https:\/\/bunavestiregiulesti.ro\/#organization","name":"Parohia &quot;Buna Vestire&quot; Giule\u015fti","url":"https:\/\/bunavestiregiulesti.ro\/","logo":{"@type":"ImageObject","inLanguage":"ro-RO","@id":"https:\/\/bunavestiregiulesti.ro\/#\/schema\/logo\/image\/","url":"https:\/\/bunavestiregiulesti.ro\/wp-content\/uploads\/2023\/10\/logo2-e1697819113456.png","contentUrl":"https:\/\/bunavestiregiulesti.ro\/wp-content\/uploads\/2023\/10\/logo2-e1697819113456.png","width":750,"height":167,"caption":"Parohia &quot;Buna Vestire&quot; Giule\u015fti"},"image":{"@id":"https:\/\/bunavestiregiulesti.ro\/#\/schema\/logo\/image\/"},"sameAs":["https:\/\/bunavestiregiulesti.ro\/"]},{"@type":"Person","@id":"https:\/\/bunavestiregiulesti.ro\/#\/schema\/person\/f0d2dbfa6ceff8eb15f2b2f0fb85db7c","name":"administrator","image":{"@type":"ImageObject","inLanguage":"ro-RO","@id":"https:\/\/bunavestiregiulesti.ro\/#\/schema\/person\/image\/","url":"https:\/\/secure.gravatar.com\/avatar\/8550e7a96a3a6d12559e7d980d87c1229fb84927d4d0085a1044d2b5ad07ebdd?s=96&d=mm&r=g","contentUrl":"https:\/\/secure.gravatar.com\/avatar\/8550e7a96a3a6d12559e7d980d87c1229fb84927d4d0085a1044d2b5ad07ebdd?s=96&d=mm&r=g","caption":"administrator"},"sameAs":["http:\/\/bunavestiregiulesti.ro"],"url":"https:\/\/bunavestiregiulesti.ro\/?author=1"}]}},"_links":{"self":[{"href":"https:\/\/bunavestiregiulesti.ro\/index.php?rest_route=\/wp\/v2\/posts\/543","targetHints":{"allow":["GET"]}}],"collection":[{"href":"https:\/\/bunavestiregiulesti.ro\/index.php?rest_route=\/wp\/v2\/posts"}],"about":[{"href":"https:\/\/bunavestiregiulesti.ro\/index.php?rest_route=\/wp\/v2\/types\/post"}],"author":[{"embeddable":true,"href":"https:\/\/bunavestiregiulesti.ro\/index.php?rest_route=\/wp\/v2\/users\/1"}],"replies":[{"embeddable":true,"href":"https:\/\/bunavestiregiulesti.ro\/index.php?rest_route=%2Fwp%2Fv2%2Fcomments&post=543"}],"version-history":[{"count":1,"href":"https:\/\/bunavestiregiulesti.ro\/index.php?rest_route=\/wp\/v2\/posts\/543\/revisions"}],"predecessor-version":[{"id":545,"href":"https:\/\/bunavestiregiulesti.ro\/index.php?rest_route=\/wp\/v2\/posts\/543\/revisions\/545"}],"wp:attachment":[{"href":"https:\/\/bunavestiregiulesti.ro\/index.php?rest_route=%2Fwp%2Fv2%2Fmedia&parent=543"}],"wp:term":[{"taxonomy":"category","embeddable":true,"href":"https:\/\/bunavestiregiulesti.ro\/index.php?rest_route=%2Fwp%2Fv2%2Fcategories&post=543"},{"taxonomy":"post_tag","embeddable":true,"href":"https:\/\/bunavestiregiulesti.ro\/index.php?rest_route=%2Fwp%2Fv2%2Ftags&post=543"}],"curies":[{"name":"wp","href":"https:\/\/api.w.org\/{rel}","templated":true}]}}