{"id":468,"date":"2023-12-31T20:39:28","date_gmt":"2023-12-31T18:39:28","guid":{"rendered":"https:\/\/bunavestiregiulesti.ro\/?p=468"},"modified":"2023-12-31T21:40:48","modified_gmt":"2023-12-31T19:40:48","slug":"17-12-2023-primul-targ-caritabil-in-parohia-buna-vestire-giulesti","status":"publish","type":"post","link":"https:\/\/bunavestiregiulesti.ro\/?p=468","title":{"rendered":"17.12.2023 Primul t\u00e2rg caritabil \u00een parohia Buna Vestire Giulesti."},"content":{"rendered":"\n<p>\u00cen duminica Sf. Str\u0103mo\u0219i dup\u0103 trup ai Domnului Iisus, copiii \u00eenscri\u0219i la activit\u0103\u021bile sus\u021binute de parohie, \u0219ah, atelier \u015fi muzic\u0103, \u015fi-au expus crea\u021biile artistice \u00een cadrul t\u00e2rgului de Cr\u0103ciun organizat \u00een curtea bisericii parohiale. Au c\u00e2ntat colinde spre bucuria enoria\u0219ilor de toate v\u00e2rstele prezen\u021bi la Sf. Liturghie \u015fi au str\u00e2ns bani pentru a-i ajuta pe b\u0103tr\u00e2nii din c\u0103minul M\u00e2n\u0103stirii Cristiana din Bucure\u0219ti. S-au bucurat \u015fi au transmis bucurie tuturor celor prezen\u021bi.<\/p>\n\n\n\n<p><a href=\"https:\/\/bunavestiregiulesti.ro\/index.php\/nggallery\/17-12-2023-primul-targ-caritabil\/17-12-2023-primul-targ-caritabil?page_id=193\">C\u0103tre Galeria Foto\u2026<\/a><\/p>\n","protected":false},"excerpt":{"rendered":"<p>\u00cen duminica Sf. Str\u0103mo\u0219i dup\u0103 trup ai Domnului Iisus, copiii \u00eenscri\u0219i la activit\u0103\u021bile sus\u021binute de parohie, \u0219ah, atelier \u015fi muzic\u0103, \u015fi-au expus crea\u021biile artistice \u00een cadrul t\u00e2rgului de Cr\u0103ciun organizat \u00een curtea bisericii parohiale. Au c\u00e2ntat colinde spre bucuria enoria\u0219ilor de toate v\u00e2rstele prezen\u021bi la Sf. Liturghie \u015fi au str\u00e2ns bani pentru a-i ajuta pe &#8230; <span class=\"more\"><a class=\"more-link\" href=\"https:\/\/bunavestiregiulesti.ro\/?p=468\">[Cite\u015fte mai mult&#8230;]<\/a><\/span><\/p>\n","protected":false},"author":1,"featured_media":0,"comment_status":"closed","ping_status":"closed","sticky":false,"template":"","format":"standard","meta":{"ngg_post_thumbnail":0,"footnotes":""},"categories":[1],"tags":[],"class_list":{"0":"entry","1":"post","2":"publish","3":"author-administrator","4":"post-468","6":"format-standard","7":"category-articole"},"yoast_head":"<!-- This site is optimized with the Yoast SEO plugin v24.8.1 - https:\/\/yoast.com\/wordpress\/plugins\/seo\/ -->\n<title>17.12.2023 Primul t\u00e2rg caritabil \u00een parohia Buna Vestire Giulesti. - Parohia &quot;Buna Vestire&quot; Giule\u015fti<\/title>\n<meta name=\"robots\" content=\"index, follow, max-snippet:-1, max-image-preview:large, max-video-preview:-1\" \/>\n<link rel=\"canonical\" href=\"https:\/\/bunavestiregiulesti.ro\/?p=468\" \/>\n<meta property=\"og:locale\" content=\"ro_RO\" \/>\n<meta property=\"og:type\" content=\"article\" \/>\n<meta property=\"og:title\" content=\"17.12.2023 Primul t\u00e2rg caritabil \u00een parohia Buna Vestire Giulesti. - Parohia &quot;Buna Vestire&quot; Giule\u015fti\" \/>\n<meta property=\"og:description\" content=\"\u00cen duminica Sf. Str\u0103mo\u0219i dup\u0103 trup ai Domnului Iisus, copiii \u00eenscri\u0219i la activit\u0103\u021bile sus\u021binute de parohie, \u0219ah, atelier \u015fi muzic\u0103, \u015fi-au expus crea\u021biile artistice \u00een cadrul t\u00e2rgului de Cr\u0103ciun organizat \u00een curtea bisericii parohiale. Au c\u00e2ntat colinde spre bucuria enoria\u0219ilor de toate v\u00e2rstele prezen\u021bi la Sf. Liturghie \u015fi au str\u00e2ns bani pentru a-i ajuta pe ... [Cite\u015fte mai mult...]\" \/>\n<meta property=\"og:url\" content=\"https:\/\/bunavestiregiulesti.ro\/?p=468\" \/>\n<meta property=\"og:site_name\" content=\"Parohia &quot;Buna Vestire&quot; Giule\u015fti\" \/>\n<meta property=\"article:publisher\" content=\"https:\/\/bunavestiregiulesti.ro\/\" \/>\n<meta property=\"article:published_time\" content=\"2023-12-31T18:39:28+00:00\" \/>\n<meta property=\"article:modified_time\" content=\"2023-12-31T19:40:48+00:00\" \/>\n<meta name=\"author\" content=\"administrator\" \/>\n<meta name=\"twitter:card\" content=\"summary_large_image\" \/>\n<meta name=\"twitter:label1\" content=\"Scris de\" \/>\n\t<meta name=\"twitter:data1\" content=\"\" \/>\n\t<meta name=\"twitter:label2\" content=\"Timp estimat pentru citire\" \/>\n\t<meta name=\"twitter:data2\" content=\"1 minut\" \/>\n<script type=\"application\/ld+json\" class=\"yoast-schema-graph\">{\"@context\":\"https:\/\/schema.org\",\"@graph\":[{\"@type\":\"Article\",\"@id\":\"https:\/\/bunavestiregiulesti.ro\/?p=468#article\",\"isPartOf\":{\"@id\":\"https:\/\/bunavestiregiulesti.ro\/?p=468\"},\"author\":{\"name\":\"administrator\",\"@id\":\"https:\/\/bunavestiregiulesti.ro\/#\/schema\/person\/f0d2dbfa6ceff8eb15f2b2f0fb85db7c\"},\"headline\":\"17.12.2023 Primul t\u00e2rg caritabil \u00een parohia Buna Vestire Giulesti.\",\"datePublished\":\"2023-12-31T18:39:28+00:00\",\"dateModified\":\"2023-12-31T19:40:48+00:00\",\"mainEntityOfPage\":{\"@id\":\"https:\/\/bunavestiregiulesti.ro\/?p=468\"},\"wordCount\":104,\"publisher\":{\"@id\":\"https:\/\/bunavestiregiulesti.ro\/#organization\"},\"articleSection\":[\"Articole recente\"],\"inLanguage\":\"ro-RO\"},{\"@type\":\"WebPage\",\"@id\":\"https:\/\/bunavestiregiulesti.ro\/?p=468\",\"url\":\"https:\/\/bunavestiregiulesti.ro\/?p=468\",\"name\":\"17.12.2023 Primul t\u00e2rg caritabil \u00een parohia Buna Vestire Giulesti. - Parohia &quot;Buna Vestire&quot; Giule\u015fti\",\"isPartOf\":{\"@id\":\"https:\/\/bunavestiregiulesti.ro\/#website\"},\"datePublished\":\"2023-12-31T18:39:28+00:00\",\"dateModified\":\"2023-12-31T19:40:48+00:00\",\"breadcrumb\":{\"@id\":\"https:\/\/bunavestiregiulesti.ro\/?p=468#breadcrumb\"},\"inLanguage\":\"ro-RO\",\"potentialAction\":[{\"@type\":\"ReadAction\",\"target\":[\"https:\/\/bunavestiregiulesti.ro\/?p=468\"]}]},{\"@type\":\"BreadcrumbList\",\"@id\":\"https:\/\/bunavestiregiulesti.ro\/?p=468#breadcrumb\",\"itemListElement\":[{\"@type\":\"ListItem\",\"position\":1,\"name\":\"Prima pagin\u0103\",\"item\":\"https:\/\/bunavestiregiulesti.ro\/\"},{\"@type\":\"ListItem\",\"position\":2,\"name\":\"17.12.2023 Primul t\u00e2rg caritabil \u00een parohia Buna Vestire Giulesti.\"}]},{\"@type\":\"WebSite\",\"@id\":\"https:\/\/bunavestiregiulesti.ro\/#website\",\"url\":\"https:\/\/bunavestiregiulesti.ro\/\",\"name\":\"Parohia &quot;Buna Vestire&quot; Giule\u015fti\",\"description\":\"\",\"publisher\":{\"@id\":\"https:\/\/bunavestiregiulesti.ro\/#organization\"},\"inLanguage\":\"ro-RO\"},{\"@type\":\"Organization\",\"@id\":\"https:\/\/bunavestiregiulesti.ro\/#organization\",\"name\":\"Parohia &quot;Buna Vestire&quot; Giule\u015fti\",\"url\":\"https:\/\/bunavestiregiulesti.ro\/\",\"logo\":{\"@type\":\"ImageObject\",\"inLanguage\":\"ro-RO\",\"@id\":\"https:\/\/bunavestiregiulesti.ro\/#\/schema\/logo\/image\/\",\"url\":\"https:\/\/bunavestiregiulesti.ro\/wp-content\/uploads\/2023\/10\/logo2-e1697819113456.png\",\"contentUrl\":\"https:\/\/bunavestiregiulesti.ro\/wp-content\/uploads\/2023\/10\/logo2-e1697819113456.png\",\"width\":750,\"height\":167,\"caption\":\"Parohia &quot;Buna Vestire&quot; Giule\u015fti\"},\"image\":{\"@id\":\"https:\/\/bunavestiregiulesti.ro\/#\/schema\/logo\/image\/\"},\"sameAs\":[\"https:\/\/bunavestiregiulesti.ro\/\"]},{\"@type\":\"Person\",\"@id\":\"https:\/\/bunavestiregiulesti.ro\/#\/schema\/person\/f0d2dbfa6ceff8eb15f2b2f0fb85db7c\",\"name\":\"administrator\",\"image\":{\"@type\":\"ImageObject\",\"inLanguage\":\"ro-RO\",\"@id\":\"https:\/\/bunavestiregiulesti.ro\/#\/schema\/person\/image\/\",\"url\":\"https:\/\/secure.gravatar.com\/avatar\/8550e7a96a3a6d12559e7d980d87c1229fb84927d4d0085a1044d2b5ad07ebdd?s=96&d=mm&r=g\",\"contentUrl\":\"https:\/\/secure.gravatar.com\/avatar\/8550e7a96a3a6d12559e7d980d87c1229fb84927d4d0085a1044d2b5ad07ebdd?s=96&d=mm&r=g\",\"caption\":\"administrator\"},\"sameAs\":[\"http:\/\/bunavestiregiulesti.ro\"],\"url\":\"https:\/\/bunavestiregiulesti.ro\/?author=1\"}]}<\/script>\n<!-- \/ Yoast SEO plugin. -->","yoast_head_json":{"title":"17.12.2023 Primul t\u00e2rg caritabil \u00een parohia Buna Vestire Giulesti. - Parohia &quot;Buna Vestire&quot; Giule\u015fti","robots":{"index":"index","follow":"follow","max-snippet":"max-snippet:-1","max-image-preview":"max-image-preview:large","max-video-preview":"max-video-preview:-1"},"canonical":"https:\/\/bunavestiregiulesti.ro\/?p=468","og_locale":"ro_RO","og_type":"article","og_title":"17.12.2023 Primul t\u00e2rg caritabil \u00een parohia Buna Vestire Giulesti. - Parohia &quot;Buna Vestire&quot; Giule\u015fti","og_description":"\u00cen duminica Sf. Str\u0103mo\u0219i dup\u0103 trup ai Domnului Iisus, copiii \u00eenscri\u0219i la activit\u0103\u021bile sus\u021binute de parohie, \u0219ah, atelier \u015fi muzic\u0103, \u015fi-au expus crea\u021biile artistice \u00een cadrul t\u00e2rgului de Cr\u0103ciun organizat \u00een curtea bisericii parohiale. Au c\u00e2ntat colinde spre bucuria enoria\u0219ilor de toate v\u00e2rstele prezen\u021bi la Sf. Liturghie \u015fi au str\u00e2ns bani pentru a-i ajuta pe ... [Cite\u015fte mai mult...]","og_url":"https:\/\/bunavestiregiulesti.ro\/?p=468","og_site_name":"Parohia &quot;Buna Vestire&quot; Giule\u015fti","article_publisher":"https:\/\/bunavestiregiulesti.ro\/","article_published_time":"2023-12-31T18:39:28+00:00","article_modified_time":"2023-12-31T19:40:48+00:00","author":"administrator","twitter_card":"summary_large_image","twitter_misc":{"Scris de":false,"Timp estimat pentru citire":"1 minut"},"schema":{"@context":"https:\/\/schema.org","@graph":[{"@type":"Article","@id":"https:\/\/bunavestiregiulesti.ro\/?p=468#article","isPartOf":{"@id":"https:\/\/bunavestiregiulesti.ro\/?p=468"},"author":{"name":"administrator","@id":"https:\/\/bunavestiregiulesti.ro\/#\/schema\/person\/f0d2dbfa6ceff8eb15f2b2f0fb85db7c"},"headline":"17.12.2023 Primul t\u00e2rg caritabil \u00een parohia Buna Vestire Giulesti.","datePublished":"2023-12-31T18:39:28+00:00","dateModified":"2023-12-31T19:40:48+00:00","mainEntityOfPage":{"@id":"https:\/\/bunavestiregiulesti.ro\/?p=468"},"wordCount":104,"publisher":{"@id":"https:\/\/bunavestiregiulesti.ro\/#organization"},"articleSection":["Articole recente"],"inLanguage":"ro-RO"},{"@type":"WebPage","@id":"https:\/\/bunavestiregiulesti.ro\/?p=468","url":"https:\/\/bunavestiregiulesti.ro\/?p=468","name":"17.12.2023 Primul t\u00e2rg caritabil \u00een parohia Buna Vestire Giulesti. - Parohia &quot;Buna Vestire&quot; Giule\u015fti","isPartOf":{"@id":"https:\/\/bunavestiregiulesti.ro\/#website"},"datePublished":"2023-12-31T18:39:28+00:00","dateModified":"2023-12-31T19:40:48+00:00","breadcrumb":{"@id":"https:\/\/bunavestiregiulesti.ro\/?p=468#breadcrumb"},"inLanguage":"ro-RO","potentialAction":[{"@type":"ReadAction","target":["https:\/\/bunavestiregiulesti.ro\/?p=468"]}]},{"@type":"BreadcrumbList","@id":"https:\/\/bunavestiregiulesti.ro\/?p=468#breadcrumb","itemListElement":[{"@type":"ListItem","position":1,"name":"Prima pagin\u0103","item":"https:\/\/bunavestiregiulesti.ro\/"},{"@type":"ListItem","position":2,"name":"17.12.2023 Primul t\u00e2rg caritabil \u00een parohia Buna Vestire Giulesti."}]},{"@type":"WebSite","@id":"https:\/\/bunavestiregiulesti.ro\/#website","url":"https:\/\/bunavestiregiulesti.ro\/","name":"Parohia &quot;Buna Vestire&quot; Giule\u015fti","description":"","publisher":{"@id":"https:\/\/bunavestiregiulesti.ro\/#organization"},"inLanguage":"ro-RO"},{"@type":"Organization","@id":"https:\/\/bunavestiregiulesti.ro\/#organization","name":"Parohia &quot;Buna Vestire&quot; Giule\u015fti","url":"https:\/\/bunavestiregiulesti.ro\/","logo":{"@type":"ImageObject","inLanguage":"ro-RO","@id":"https:\/\/bunavestiregiulesti.ro\/#\/schema\/logo\/image\/","url":"https:\/\/bunavestiregiulesti.ro\/wp-content\/uploads\/2023\/10\/logo2-e1697819113456.png","contentUrl":"https:\/\/bunavestiregiulesti.ro\/wp-content\/uploads\/2023\/10\/logo2-e1697819113456.png","width":750,"height":167,"caption":"Parohia &quot;Buna Vestire&quot; Giule\u015fti"},"image":{"@id":"https:\/\/bunavestiregiulesti.ro\/#\/schema\/logo\/image\/"},"sameAs":["https:\/\/bunavestiregiulesti.ro\/"]},{"@type":"Person","@id":"https:\/\/bunavestiregiulesti.ro\/#\/schema\/person\/f0d2dbfa6ceff8eb15f2b2f0fb85db7c","name":"administrator","image":{"@type":"ImageObject","inLanguage":"ro-RO","@id":"https:\/\/bunavestiregiulesti.ro\/#\/schema\/person\/image\/","url":"https:\/\/secure.gravatar.com\/avatar\/8550e7a96a3a6d12559e7d980d87c1229fb84927d4d0085a1044d2b5ad07ebdd?s=96&d=mm&r=g","contentUrl":"https:\/\/secure.gravatar.com\/avatar\/8550e7a96a3a6d12559e7d980d87c1229fb84927d4d0085a1044d2b5ad07ebdd?s=96&d=mm&r=g","caption":"administrator"},"sameAs":["http:\/\/bunavestiregiulesti.ro"],"url":"https:\/\/bunavestiregiulesti.ro\/?author=1"}]}},"_links":{"self":[{"href":"https:\/\/bunavestiregiulesti.ro\/index.php?rest_route=\/wp\/v2\/posts\/468","targetHints":{"allow":["GET"]}}],"collection":[{"href":"https:\/\/bunavestiregiulesti.ro\/index.php?rest_route=\/wp\/v2\/posts"}],"about":[{"href":"https:\/\/bunavestiregiulesti.ro\/index.php?rest_route=\/wp\/v2\/types\/post"}],"author":[{"embeddable":true,"href":"https:\/\/bunavestiregiulesti.ro\/index.php?rest_route=\/wp\/v2\/users\/1"}],"replies":[{"embeddable":true,"href":"https:\/\/bunavestiregiulesti.ro\/index.php?rest_route=%2Fwp%2Fv2%2Fcomments&post=468"}],"version-history":[{"count":3,"href":"https:\/\/bunavestiregiulesti.ro\/index.php?rest_route=\/wp\/v2\/posts\/468\/revisions"}],"predecessor-version":[{"id":540,"href":"https:\/\/bunavestiregiulesti.ro\/index.php?rest_route=\/wp\/v2\/posts\/468\/revisions\/540"}],"wp:attachment":[{"href":"https:\/\/bunavestiregiulesti.ro\/index.php?rest_route=%2Fwp%2Fv2%2Fmedia&parent=468"}],"wp:term":[{"taxonomy":"category","embeddable":true,"href":"https:\/\/bunavestiregiulesti.ro\/index.php?rest_route=%2Fwp%2Fv2%2Fcategories&post=468"},{"taxonomy":"post_tag","embeddable":true,"href":"https:\/\/bunavestiregiulesti.ro\/index.php?rest_route=%2Fwp%2Fv2%2Ftags&post=468"}],"curies":[{"name":"wp","href":"https:\/\/api.w.org\/{rel}","templated":true}]}}