{"id":1018,"date":"2026-03-10T12:26:29","date_gmt":"2026-03-10T10:26:29","guid":{"rendered":"https:\/\/bunavestiregiulesti.ro\/?p=1018"},"modified":"2026-03-10T12:26:30","modified_gmt":"2026-03-10T10:26:30","slug":"bucuria-venirii-primaverii-01-03-2026","status":"publish","type":"post","link":"https:\/\/bunavestiregiulesti.ro\/?p=1018","title":{"rendered":"Bucuria venirii prim\u0103verii 01.03.2026"},"content":{"rendered":"\n<p class=\"has-text-align-center\">Prima zi a prim\u0103verii, 1 Martie, a fost s\u0103rb\u0103torit\u0103 la Parohia \u201eBuna Vestire\u201d Giule\u0219ti cu bucurie \u0219i emo\u021bie, datorit\u0103 copiilor care au preg\u0103tit o surpriz\u0103 special\u0103 pentru femeile din comunitate. Cu mult entuziasm, cei mici au d\u0103ruit m\u0103r\u021bi\u0219oare realizate manual, din lut \u0219i h\u00e2rtie colorat\u0103, oferind astfel un dar simbolic, dar plin de semnifica\u021bie.<\/p>\n\n\n\n<p>\u00cen zilele premerg\u0103toare s\u0103rb\u0103torii, copiii au participat la ateliere creative organizate \u00een cadrul parohiei, \u00een fiecare duminic\u0103. Au realizat crea\u021bii considerate simboluri ale prim\u0103verii, fiecare m\u0103r\u021bi\u0219or a fost lucrat cu aten\u021bie \u0219i grij\u0103, purt\u00e2nd amprenta personal\u0103 a micului creator.<\/p>\n\n\n\n<p>M\u0103r\u021bi\u0219orul, purtat la \u00eenceput de martie, este un simbol tradi\u021bional al rena\u0219terii naturii, al speran\u021bei \u0219i al bucuriei. \u0218nurul alb-ro\u0219u are o semnifica\u021bie aparte: albul reprezint\u0103 puritatea, lumina \u0219i \u00eenceputul, iar ro\u0219ul simbolizeaz\u0103 via\u021ba, energia \u0219i dragostea. \u00cempletirea celor dou\u0103 culori sugereaz\u0103 echilibrul dintre fragilitate \u0219i putere, dintre iarn\u0103 \u0219i prim\u0103var\u0103, dintre vechi \u0219i nou.Prin gestul lor, copiii au reamintit tuturor c\u0103 prim\u0103vara \u00eencepe nu doar \u00een natur\u0103, ci \u0219i \u00een suflet. Dup\u0103 Sf\u00e2nta Liturghie, ace\u0219tia au oferit m\u0103r\u021bi\u0219oarele mamelor, bunicilor \u0219i tuturor femeilor prezente \u00een biseric\u0103, primind \u00een schimb z\u00e2mbete, binecuv\u00e2nt\u0103ri \u0219i cuvinte de \u00eencurajare: \u201cAm primit de la vreo 3 baietei, nu am vrut sa refuz, e foarte frumos din partea lor. Asta e pt mai tarziu, pt ei, o initiativa foarte buna, cu ajutorul doamnelor.\u201d, \u201cCopii talentati, cu harul de la Dumnezeu, ajutati de doamnele, ne-au daruit din inima si ne-au facut o mare bucurie\u201d. Chiar micii creatori au afirmat cu bucurie dup\u0103 ce au f\u0103cut cadou m\u0103r\u021bi\u0219oarele: \u201cAm d\u0103ruit m\u0103r\u021bi\u0219oare din lut, flutura\u0219i din h\u00e2rtie colorat\u0103, floricele din pompoane, m\u0103r\u021bi\u0219oare cusute, buburuze, c\u0103\u021belu\u0219i, avocado. Din carton \u0219i a\u021b\u0103 am f\u0103cut un 8, de la 8 martie, am f\u0103cut \u0219i m\u0103rgelu\u021be, l\u0103n\u021bi\u0219oare, cercelu\u0219i, br\u0103\u021b\u0103ri, co\u0219ule\u021be cu trandafiri.\u201d Mai mult, copiii au fost \u00eenc\u00e2nta\u021bi c\u0103 au primit \u0219i ei: \u201cNe-au dat bomboane \u0219i fructe, covrigi, \u00een semn de mul\u021bumire.\u201d<\/p>\n\n\n\n<p>Aceast\u0103 ini\u021biativ\u0103 a fost mai mult dec\u00e2t o activitate artistic\u0103. A fost o lec\u021bie despre d\u0103ruire, implicare \u0219i iubire fa\u021b\u0103 de aproapele. Copiii au \u00eenv\u0103\u021bat c\u0103 valoarea unui dar nu st\u0103 \u00een materialul din care este f\u0103cut, ci \u00een dragostea \u0219i sinceritatea cu care este oferit.<\/p>\n\n\n\n<p>Maria-Alexandra Sp\u00e2nu<\/p>\n\n\n<div class=\"wp-block-image\">\n<figure class=\"aligncenter size-large\"><img loading=\"lazy\" decoding=\"async\" width=\"768\" height=\"1024\" src=\"https:\/\/bunavestiregiulesti.ro\/wp-content\/uploads\/2026\/03\/IMG-20260310-WA0005-768x1024.jpg\" alt=\"\" class=\"wp-image-1019\" srcset=\"https:\/\/bunavestiregiulesti.ro\/wp-content\/uploads\/2026\/03\/IMG-20260310-WA0005-768x1024.jpg 768w, https:\/\/bunavestiregiulesti.ro\/wp-content\/uploads\/2026\/03\/IMG-20260310-WA0005-225x300.jpg 225w, https:\/\/bunavestiregiulesti.ro\/wp-content\/uploads\/2026\/03\/IMG-20260310-WA0005-1152x1536.jpg 1152w, https:\/\/bunavestiregiulesti.ro\/wp-content\/uploads\/2026\/03\/IMG-20260310-WA0005.jpg 1536w\" sizes=\"auto, (max-width: 768px) 100vw, 768px\" \/><\/figure>\n<\/div>\n\n<div class=\"wp-block-image\">\n<figure class=\"aligncenter size-large\"><img loading=\"lazy\" decoding=\"async\" width=\"768\" height=\"1024\" src=\"https:\/\/bunavestiregiulesti.ro\/wp-content\/uploads\/2026\/03\/IMG-20260310-WA0006-768x1024.jpg\" alt=\"\" class=\"wp-image-1020\" srcset=\"https:\/\/bunavestiregiulesti.ro\/wp-content\/uploads\/2026\/03\/IMG-20260310-WA0006-768x1024.jpg 768w, https:\/\/bunavestiregiulesti.ro\/wp-content\/uploads\/2026\/03\/IMG-20260310-WA0006-225x300.jpg 225w, https:\/\/bunavestiregiulesti.ro\/wp-content\/uploads\/2026\/03\/IMG-20260310-WA0006-1152x1536.jpg 1152w, https:\/\/bunavestiregiulesti.ro\/wp-content\/uploads\/2026\/03\/IMG-20260310-WA0006.jpg 1536w\" sizes=\"auto, (max-width: 768px) 100vw, 768px\" \/><\/figure>\n<\/div>\n\n<div class=\"wp-block-image\">\n<figure class=\"aligncenter size-large\"><img loading=\"lazy\" decoding=\"async\" width=\"768\" height=\"1024\" src=\"https:\/\/bunavestiregiulesti.ro\/wp-content\/uploads\/2026\/03\/IMG-20260310-WA0004-768x1024.jpg\" alt=\"\" class=\"wp-image-1021\" srcset=\"https:\/\/bunavestiregiulesti.ro\/wp-content\/uploads\/2026\/03\/IMG-20260310-WA0004-768x1024.jpg 768w, https:\/\/bunavestiregiulesti.ro\/wp-content\/uploads\/2026\/03\/IMG-20260310-WA0004-225x300.jpg 225w, https:\/\/bunavestiregiulesti.ro\/wp-content\/uploads\/2026\/03\/IMG-20260310-WA0004-1152x1536.jpg 1152w, https:\/\/bunavestiregiulesti.ro\/wp-content\/uploads\/2026\/03\/IMG-20260310-WA0004.jpg 1536w\" sizes=\"auto, (max-width: 768px) 100vw, 768px\" \/><\/figure>\n<\/div>","protected":false},"excerpt":{"rendered":"<p>Prima zi a prim\u0103verii, 1 Martie, a fost s\u0103rb\u0103torit\u0103 la Parohia \u201eBuna Vestire\u201d Giule\u0219ti cu bucurie \u0219i emo\u021bie, datorit\u0103 copiilor care au preg\u0103tit o surpriz\u0103 special\u0103 pentru femeile din comunitate. Cu mult entuziasm, cei mici au d\u0103ruit m\u0103r\u021bi\u0219oare realizate manual, din lut \u0219i h\u00e2rtie colorat\u0103, oferind astfel un dar simbolic, dar plin de semnifica\u021bie. \u00cen &#8230; <span class=\"more\"><a class=\"more-link\" href=\"https:\/\/bunavestiregiulesti.ro\/?p=1018\">[Cite\u015fte mai mult&#8230;]<\/a><\/span><\/p>\n","protected":false},"author":1,"featured_media":0,"comment_status":"closed","ping_status":"closed","sticky":false,"template":"","format":"standard","meta":{"ngg_post_thumbnail":0,"footnotes":""},"categories":[1],"tags":[],"class_list":{"0":"entry","1":"post","2":"publish","3":"author-administrator","4":"post-1018","6":"format-standard","7":"category-articole"},"yoast_head":"<!-- This site is optimized with the Yoast SEO plugin v24.8.1 - https:\/\/yoast.com\/wordpress\/plugins\/seo\/ -->\n<title>Bucuria venirii prim\u0103verii 01.03.2026 - Parohia &quot;Buna Vestire&quot; Giule\u015fti<\/title>\n<meta name=\"robots\" content=\"index, follow, max-snippet:-1, max-image-preview:large, max-video-preview:-1\" \/>\n<link rel=\"canonical\" href=\"https:\/\/bunavestiregiulesti.ro\/?p=1018\" \/>\n<meta property=\"og:locale\" content=\"ro_RO\" \/>\n<meta property=\"og:type\" content=\"article\" \/>\n<meta property=\"og:title\" content=\"Bucuria venirii prim\u0103verii 01.03.2026 - Parohia &quot;Buna Vestire&quot; Giule\u015fti\" \/>\n<meta property=\"og:description\" content=\"Prima zi a prim\u0103verii, 1 Martie, a fost s\u0103rb\u0103torit\u0103 la Parohia \u201eBuna Vestire\u201d Giule\u0219ti cu bucurie \u0219i emo\u021bie, datorit\u0103 copiilor care au preg\u0103tit o surpriz\u0103 special\u0103 pentru femeile din comunitate. Cu mult entuziasm, cei mici au d\u0103ruit m\u0103r\u021bi\u0219oare realizate manual, din lut \u0219i h\u00e2rtie colorat\u0103, oferind astfel un dar simbolic, dar plin de semnifica\u021bie. \u00cen ... [Cite\u015fte mai mult...]\" \/>\n<meta property=\"og:url\" content=\"https:\/\/bunavestiregiulesti.ro\/?p=1018\" \/>\n<meta property=\"og:site_name\" content=\"Parohia &quot;Buna Vestire&quot; Giule\u015fti\" \/>\n<meta property=\"article:publisher\" content=\"https:\/\/bunavestiregiulesti.ro\/\" \/>\n<meta property=\"article:published_time\" content=\"2026-03-10T10:26:29+00:00\" \/>\n<meta property=\"article:modified_time\" content=\"2026-03-10T10:26:30+00:00\" \/>\n<meta property=\"og:image\" content=\"https:\/\/bunavestiregiulesti.ro\/wp-content\/uploads\/2026\/03\/IMG-20260310-WA0005.jpg\" \/>\n\t<meta property=\"og:image:width\" content=\"1536\" \/>\n\t<meta property=\"og:image:height\" content=\"2048\" \/>\n\t<meta property=\"og:image:type\" content=\"image\/jpeg\" \/>\n<meta name=\"author\" content=\"administrator\" \/>\n<meta name=\"twitter:card\" content=\"summary_large_image\" \/>\n<meta name=\"twitter:label1\" content=\"Scris de\" \/>\n\t<meta name=\"twitter:data1\" content=\"\" \/>\n\t<meta name=\"twitter:label2\" content=\"Timp estimat pentru citire\" \/>\n\t<meta name=\"twitter:data2\" content=\"3 minute\" \/>\n<script type=\"application\/ld+json\" class=\"yoast-schema-graph\">{\"@context\":\"https:\/\/schema.org\",\"@graph\":[{\"@type\":\"Article\",\"@id\":\"https:\/\/bunavestiregiulesti.ro\/?p=1018#article\",\"isPartOf\":{\"@id\":\"https:\/\/bunavestiregiulesti.ro\/?p=1018\"},\"author\":{\"name\":\"administrator\",\"@id\":\"https:\/\/bunavestiregiulesti.ro\/#\/schema\/person\/f0d2dbfa6ceff8eb15f2b2f0fb85db7c\"},\"headline\":\"Bucuria venirii prim\u0103verii 01.03.2026\",\"datePublished\":\"2026-03-10T10:26:29+00:00\",\"dateModified\":\"2026-03-10T10:26:30+00:00\",\"mainEntityOfPage\":{\"@id\":\"https:\/\/bunavestiregiulesti.ro\/?p=1018\"},\"wordCount\":441,\"publisher\":{\"@id\":\"https:\/\/bunavestiregiulesti.ro\/#organization\"},\"image\":{\"@id\":\"https:\/\/bunavestiregiulesti.ro\/?p=1018#primaryimage\"},\"thumbnailUrl\":\"https:\/\/bunavestiregiulesti.ro\/wp-content\/uploads\/2026\/03\/IMG-20260310-WA0005-768x1024.jpg\",\"articleSection\":[\"Articole recente\"],\"inLanguage\":\"ro-RO\"},{\"@type\":\"WebPage\",\"@id\":\"https:\/\/bunavestiregiulesti.ro\/?p=1018\",\"url\":\"https:\/\/bunavestiregiulesti.ro\/?p=1018\",\"name\":\"Bucuria venirii prim\u0103verii 01.03.2026 - Parohia &quot;Buna Vestire&quot; Giule\u015fti\",\"isPartOf\":{\"@id\":\"https:\/\/bunavestiregiulesti.ro\/#website\"},\"primaryImageOfPage\":{\"@id\":\"https:\/\/bunavestiregiulesti.ro\/?p=1018#primaryimage\"},\"image\":{\"@id\":\"https:\/\/bunavestiregiulesti.ro\/?p=1018#primaryimage\"},\"thumbnailUrl\":\"https:\/\/bunavestiregiulesti.ro\/wp-content\/uploads\/2026\/03\/IMG-20260310-WA0005-768x1024.jpg\",\"datePublished\":\"2026-03-10T10:26:29+00:00\",\"dateModified\":\"2026-03-10T10:26:30+00:00\",\"breadcrumb\":{\"@id\":\"https:\/\/bunavestiregiulesti.ro\/?p=1018#breadcrumb\"},\"inLanguage\":\"ro-RO\",\"potentialAction\":[{\"@type\":\"ReadAction\",\"target\":[\"https:\/\/bunavestiregiulesti.ro\/?p=1018\"]}]},{\"@type\":\"ImageObject\",\"inLanguage\":\"ro-RO\",\"@id\":\"https:\/\/bunavestiregiulesti.ro\/?p=1018#primaryimage\",\"url\":\"https:\/\/bunavestiregiulesti.ro\/wp-content\/uploads\/2026\/03\/IMG-20260310-WA0005.jpg\",\"contentUrl\":\"https:\/\/bunavestiregiulesti.ro\/wp-content\/uploads\/2026\/03\/IMG-20260310-WA0005.jpg\",\"width\":1536,\"height\":2048},{\"@type\":\"BreadcrumbList\",\"@id\":\"https:\/\/bunavestiregiulesti.ro\/?p=1018#breadcrumb\",\"itemListElement\":[{\"@type\":\"ListItem\",\"position\":1,\"name\":\"Prima pagin\u0103\",\"item\":\"https:\/\/bunavestiregiulesti.ro\/\"},{\"@type\":\"ListItem\",\"position\":2,\"name\":\"Bucuria venirii prim\u0103verii 01.03.2026\"}]},{\"@type\":\"WebSite\",\"@id\":\"https:\/\/bunavestiregiulesti.ro\/#website\",\"url\":\"https:\/\/bunavestiregiulesti.ro\/\",\"name\":\"Parohia &quot;Buna Vestire&quot; Giule\u015fti\",\"description\":\"\",\"publisher\":{\"@id\":\"https:\/\/bunavestiregiulesti.ro\/#organization\"},\"inLanguage\":\"ro-RO\"},{\"@type\":\"Organization\",\"@id\":\"https:\/\/bunavestiregiulesti.ro\/#organization\",\"name\":\"Parohia &quot;Buna Vestire&quot; Giule\u015fti\",\"url\":\"https:\/\/bunavestiregiulesti.ro\/\",\"logo\":{\"@type\":\"ImageObject\",\"inLanguage\":\"ro-RO\",\"@id\":\"https:\/\/bunavestiregiulesti.ro\/#\/schema\/logo\/image\/\",\"url\":\"https:\/\/bunavestiregiulesti.ro\/wp-content\/uploads\/2023\/10\/logo2-e1697819113456.png\",\"contentUrl\":\"https:\/\/bunavestiregiulesti.ro\/wp-content\/uploads\/2023\/10\/logo2-e1697819113456.png\",\"width\":750,\"height\":167,\"caption\":\"Parohia &quot;Buna Vestire&quot; Giule\u015fti\"},\"image\":{\"@id\":\"https:\/\/bunavestiregiulesti.ro\/#\/schema\/logo\/image\/\"},\"sameAs\":[\"https:\/\/bunavestiregiulesti.ro\/\"]},{\"@type\":\"Person\",\"@id\":\"https:\/\/bunavestiregiulesti.ro\/#\/schema\/person\/f0d2dbfa6ceff8eb15f2b2f0fb85db7c\",\"name\":\"administrator\",\"image\":{\"@type\":\"ImageObject\",\"inLanguage\":\"ro-RO\",\"@id\":\"https:\/\/bunavestiregiulesti.ro\/#\/schema\/person\/image\/\",\"url\":\"https:\/\/secure.gravatar.com\/avatar\/8550e7a96a3a6d12559e7d980d87c1229fb84927d4d0085a1044d2b5ad07ebdd?s=96&d=mm&r=g\",\"contentUrl\":\"https:\/\/secure.gravatar.com\/avatar\/8550e7a96a3a6d12559e7d980d87c1229fb84927d4d0085a1044d2b5ad07ebdd?s=96&d=mm&r=g\",\"caption\":\"administrator\"},\"sameAs\":[\"http:\/\/bunavestiregiulesti.ro\"],\"url\":\"https:\/\/bunavestiregiulesti.ro\/?author=1\"}]}<\/script>\n<!-- \/ Yoast SEO plugin. -->","yoast_head_json":{"title":"Bucuria venirii prim\u0103verii 01.03.2026 - Parohia &quot;Buna Vestire&quot; Giule\u015fti","robots":{"index":"index","follow":"follow","max-snippet":"max-snippet:-1","max-image-preview":"max-image-preview:large","max-video-preview":"max-video-preview:-1"},"canonical":"https:\/\/bunavestiregiulesti.ro\/?p=1018","og_locale":"ro_RO","og_type":"article","og_title":"Bucuria venirii prim\u0103verii 01.03.2026 - Parohia &quot;Buna Vestire&quot; Giule\u015fti","og_description":"Prima zi a prim\u0103verii, 1 Martie, a fost s\u0103rb\u0103torit\u0103 la Parohia \u201eBuna Vestire\u201d Giule\u0219ti cu bucurie \u0219i emo\u021bie, datorit\u0103 copiilor care au preg\u0103tit o surpriz\u0103 special\u0103 pentru femeile din comunitate. Cu mult entuziasm, cei mici au d\u0103ruit m\u0103r\u021bi\u0219oare realizate manual, din lut \u0219i h\u00e2rtie colorat\u0103, oferind astfel un dar simbolic, dar plin de semnifica\u021bie. \u00cen ... [Cite\u015fte mai mult...]","og_url":"https:\/\/bunavestiregiulesti.ro\/?p=1018","og_site_name":"Parohia &quot;Buna Vestire&quot; Giule\u015fti","article_publisher":"https:\/\/bunavestiregiulesti.ro\/","article_published_time":"2026-03-10T10:26:29+00:00","article_modified_time":"2026-03-10T10:26:30+00:00","og_image":[{"width":1536,"height":2048,"url":"https:\/\/bunavestiregiulesti.ro\/wp-content\/uploads\/2026\/03\/IMG-20260310-WA0005.jpg","type":"image\/jpeg"}],"author":"administrator","twitter_card":"summary_large_image","twitter_misc":{"Scris de":false,"Timp estimat pentru citire":"3 minute"},"schema":{"@context":"https:\/\/schema.org","@graph":[{"@type":"Article","@id":"https:\/\/bunavestiregiulesti.ro\/?p=1018#article","isPartOf":{"@id":"https:\/\/bunavestiregiulesti.ro\/?p=1018"},"author":{"name":"administrator","@id":"https:\/\/bunavestiregiulesti.ro\/#\/schema\/person\/f0d2dbfa6ceff8eb15f2b2f0fb85db7c"},"headline":"Bucuria venirii prim\u0103verii 01.03.2026","datePublished":"2026-03-10T10:26:29+00:00","dateModified":"2026-03-10T10:26:30+00:00","mainEntityOfPage":{"@id":"https:\/\/bunavestiregiulesti.ro\/?p=1018"},"wordCount":441,"publisher":{"@id":"https:\/\/bunavestiregiulesti.ro\/#organization"},"image":{"@id":"https:\/\/bunavestiregiulesti.ro\/?p=1018#primaryimage"},"thumbnailUrl":"https:\/\/bunavestiregiulesti.ro\/wp-content\/uploads\/2026\/03\/IMG-20260310-WA0005-768x1024.jpg","articleSection":["Articole recente"],"inLanguage":"ro-RO"},{"@type":"WebPage","@id":"https:\/\/bunavestiregiulesti.ro\/?p=1018","url":"https:\/\/bunavestiregiulesti.ro\/?p=1018","name":"Bucuria venirii prim\u0103verii 01.03.2026 - Parohia &quot;Buna Vestire&quot; Giule\u015fti","isPartOf":{"@id":"https:\/\/bunavestiregiulesti.ro\/#website"},"primaryImageOfPage":{"@id":"https:\/\/bunavestiregiulesti.ro\/?p=1018#primaryimage"},"image":{"@id":"https:\/\/bunavestiregiulesti.ro\/?p=1018#primaryimage"},"thumbnailUrl":"https:\/\/bunavestiregiulesti.ro\/wp-content\/uploads\/2026\/03\/IMG-20260310-WA0005-768x1024.jpg","datePublished":"2026-03-10T10:26:29+00:00","dateModified":"2026-03-10T10:26:30+00:00","breadcrumb":{"@id":"https:\/\/bunavestiregiulesti.ro\/?p=1018#breadcrumb"},"inLanguage":"ro-RO","potentialAction":[{"@type":"ReadAction","target":["https:\/\/bunavestiregiulesti.ro\/?p=1018"]}]},{"@type":"ImageObject","inLanguage":"ro-RO","@id":"https:\/\/bunavestiregiulesti.ro\/?p=1018#primaryimage","url":"https:\/\/bunavestiregiulesti.ro\/wp-content\/uploads\/2026\/03\/IMG-20260310-WA0005.jpg","contentUrl":"https:\/\/bunavestiregiulesti.ro\/wp-content\/uploads\/2026\/03\/IMG-20260310-WA0005.jpg","width":1536,"height":2048},{"@type":"BreadcrumbList","@id":"https:\/\/bunavestiregiulesti.ro\/?p=1018#breadcrumb","itemListElement":[{"@type":"ListItem","position":1,"name":"Prima pagin\u0103","item":"https:\/\/bunavestiregiulesti.ro\/"},{"@type":"ListItem","position":2,"name":"Bucuria venirii prim\u0103verii 01.03.2026"}]},{"@type":"WebSite","@id":"https:\/\/bunavestiregiulesti.ro\/#website","url":"https:\/\/bunavestiregiulesti.ro\/","name":"Parohia &quot;Buna Vestire&quot; Giule\u015fti","description":"","publisher":{"@id":"https:\/\/bunavestiregiulesti.ro\/#organization"},"inLanguage":"ro-RO"},{"@type":"Organization","@id":"https:\/\/bunavestiregiulesti.ro\/#organization","name":"Parohia &quot;Buna Vestire&quot; Giule\u015fti","url":"https:\/\/bunavestiregiulesti.ro\/","logo":{"@type":"ImageObject","inLanguage":"ro-RO","@id":"https:\/\/bunavestiregiulesti.ro\/#\/schema\/logo\/image\/","url":"https:\/\/bunavestiregiulesti.ro\/wp-content\/uploads\/2023\/10\/logo2-e1697819113456.png","contentUrl":"https:\/\/bunavestiregiulesti.ro\/wp-content\/uploads\/2023\/10\/logo2-e1697819113456.png","width":750,"height":167,"caption":"Parohia &quot;Buna Vestire&quot; Giule\u015fti"},"image":{"@id":"https:\/\/bunavestiregiulesti.ro\/#\/schema\/logo\/image\/"},"sameAs":["https:\/\/bunavestiregiulesti.ro\/"]},{"@type":"Person","@id":"https:\/\/bunavestiregiulesti.ro\/#\/schema\/person\/f0d2dbfa6ceff8eb15f2b2f0fb85db7c","name":"administrator","image":{"@type":"ImageObject","inLanguage":"ro-RO","@id":"https:\/\/bunavestiregiulesti.ro\/#\/schema\/person\/image\/","url":"https:\/\/secure.gravatar.com\/avatar\/8550e7a96a3a6d12559e7d980d87c1229fb84927d4d0085a1044d2b5ad07ebdd?s=96&d=mm&r=g","contentUrl":"https:\/\/secure.gravatar.com\/avatar\/8550e7a96a3a6d12559e7d980d87c1229fb84927d4d0085a1044d2b5ad07ebdd?s=96&d=mm&r=g","caption":"administrator"},"sameAs":["http:\/\/bunavestiregiulesti.ro"],"url":"https:\/\/bunavestiregiulesti.ro\/?author=1"}]}},"_links":{"self":[{"href":"https:\/\/bunavestiregiulesti.ro\/index.php?rest_route=\/wp\/v2\/posts\/1018","targetHints":{"allow":["GET"]}}],"collection":[{"href":"https:\/\/bunavestiregiulesti.ro\/index.php?rest_route=\/wp\/v2\/posts"}],"about":[{"href":"https:\/\/bunavestiregiulesti.ro\/index.php?rest_route=\/wp\/v2\/types\/post"}],"author":[{"embeddable":true,"href":"https:\/\/bunavestiregiulesti.ro\/index.php?rest_route=\/wp\/v2\/users\/1"}],"replies":[{"embeddable":true,"href":"https:\/\/bunavestiregiulesti.ro\/index.php?rest_route=%2Fwp%2Fv2%2Fcomments&post=1018"}],"version-history":[{"count":1,"href":"https:\/\/bunavestiregiulesti.ro\/index.php?rest_route=\/wp\/v2\/posts\/1018\/revisions"}],"predecessor-version":[{"id":1022,"href":"https:\/\/bunavestiregiulesti.ro\/index.php?rest_route=\/wp\/v2\/posts\/1018\/revisions\/1022"}],"wp:attachment":[{"href":"https:\/\/bunavestiregiulesti.ro\/index.php?rest_route=%2Fwp%2Fv2%2Fmedia&parent=1018"}],"wp:term":[{"taxonomy":"category","embeddable":true,"href":"https:\/\/bunavestiregiulesti.ro\/index.php?rest_route=%2Fwp%2Fv2%2Fcategories&post=1018"},{"taxonomy":"post_tag","embeddable":true,"href":"https:\/\/bunavestiregiulesti.ro\/index.php?rest_route=%2Fwp%2Fv2%2Ftags&post=1018"}],"curies":[{"name":"wp","href":"https:\/\/api.w.org\/{rel}","templated":true}]}}